{"id":154,"date":"2021-06-07T00:01:00","date_gmt":"2021-06-06T22:01:00","guid":{"rendered":"https:\/\/warzycki.pl\/blog\/?p=154"},"modified":"2021-06-06T22:22:21","modified_gmt":"2021-06-06T20:22:21","slug":"czerwiec-2021-zmiany-w-prawie-karnym","status":"publish","type":"post","link":"https:\/\/warzycki.pl\/blog\/2021\/06\/07\/czerwiec-2021-zmiany-w-prawie-karnym\/","title":{"rendered":"Czerwiec 2021: zmiany w prawie karnym"},"content":{"rendered":"\n<p class=\"wp-block-paragraph\"><strong>Ci\u0105g dalszy demolowania prawa karnego materialnego oraz procedury karnej. Prezydent podpisa\u0142 ustaw\u0119 z dnia 20 kwietnia 2021 r. o zmianie ustawy \u2013 Kodeks karny oraz niekt\u00f3rych innych ustaw. Ustawa wejdzie w \u017cycie po up\u0142ywie 14 dni od dnia jej og\u0142oszenia.<\/strong><\/p>\n\n\n\n<p class=\"wp-block-paragraph\">Odpowie za <strong>wykroczenie<\/strong> zagro\u017cone kar\u0105 aresztu lub grzywny ten, kto:<br>1) organizuje lub przeprowadza zbi\u00f3rk\u0119 ofiar na uiszczenie grzywny orzeczonej za przest\u0119pstwo, przest\u0119pstwo skarbowe, wykroczenie lub wykroczenie skarbowe, \u015bwiadczenia pieni\u0119\u017cnego, przepadku przedmiot\u00f3w stanowi\u0105cych kwot\u0119 pieni\u0119\u017cn\u0105, r\u00f3wnowarto\u015bci przepadku przedmiot\u00f3w lub przedsi\u0119biorstwa, przepadku korzy\u015bci maj\u0105tkowej stanowi\u0105cej kwot\u0119 pieni\u0119\u017cn\u0105, r\u00f3wnowarto\u015bci przepadku korzy\u015bci maj\u0105tkowej, odszkodowania, zado\u015b\u0107uczynienia, nawi\u0105zki, podlegaj\u0105cej zwrotowi korzy\u015bci maj\u0105tkowej stanowi\u0105cej kwot\u0119 pieni\u0119\u017cn\u0105 albo r\u00f3wnowarto\u015bci podlegaj\u0105cej zwrotowi korzy\u015bci maj\u0105tkowej lub na por\u0119czenie maj\u0105tkowe lub zabezpieczenie maj\u0105tkowe,<br>2) nie b\u0119d\u0105c osob\u0105 najbli\u017csz\u0105 dla skazanego lub ukaranego uiszcza za niego grzywn\u0119, \u015bwiadczenie pieni\u0119\u017cne, kwot\u0119 pieni\u0119\u017cn\u0105 stanowi\u0105c\u0105 przedmiot przepadku, r\u00f3wnowarto\u015b\u0107 przepadku przedmiot\u00f3w lub przedsi\u0119biorstwa, kwot\u0119 pieni\u0119\u017cn\u0105 stanowi\u0105c\u0105 przedmiot przepadku korzy\u015bci maj\u0105tkowej, r\u00f3wnowarto\u015b\u0107 przepadku korzy\u015bci maj\u0105tkowej, nawi\u0105zk\u0119, podlegaj\u0105c\u0105 zwrotowi korzy\u015b\u0107 maj\u0105tkow\u0105 stanowi\u0105c\u0105 kwot\u0119 pieni\u0119\u017cn\u0105 albo r\u00f3wnowarto\u015b\u0107 podlegaj\u0105cej zwrotowi korzy\u015bci maj\u0105tkowej lub uiszcza odszkodowanie lub zado\u015b\u0107uczynienie lub ofiarowuje mu albo osobie dla niego najbli\u017cszej pieni\u0105dze na ten cel.<\/p>\n\n\n\n<p class=\"wp-block-paragraph\">Dlaczego<strong> utrudniono zap\u0142at\u0119 nawi\u0105zki, zado\u015b\u0107uczynienia lub odszkodowania<\/strong>? \u015awiadczenia te nale\u017c\u0105 si\u0119 osobom pokrzywdzonym przest\u0119pstwami, a nowe regulacje mog\u0105 zmniejszy\u0107 szanse na zaspokojenie ich roszcze\u0144 maj\u0105tkowych.<\/p>\n\n\n\n<p class=\"wp-block-paragraph\">Zmieniaj\u0105 si\u0119 zasady rz\u0105dz\u0105ce <strong>por\u0119czeniem maj\u0105tkowym<\/strong>, czyli wolno\u015bciowym \u015brodkiem zapobiegawczym, b\u0119d\u0105cym alternatyw\u0105 dla tymczasowego aresztowania. B\u0119dzie nieco trudniej, zatem zachodzi ryzyko, \u017ce jeszcze wi\u0119cej os\u00f3b na d\u0142ugie miesi\u0105ce trafi za kratki bez prawomocnego wyroku skazuj\u0105cego. Por\u0119czenie maj\u0105tkowe w postaci pieni\u0119dzy, papier\u00f3w warto\u015bciowych, zastawu lub hipoteki nadal b\u0119dzie m\u00f3g\u0142 z\u0142o\u017cy\u0107 oskar\u017cony albo inna osoba. <strong>Przedmiot por\u0119czenia maj\u0105tkowego nie b\u0119dzie m\u00f3g\u0142 jednak pochodzi\u0107 z przysporzenia na rzecz oskar\u017conego albo innej osoby sk\u0142adaj\u0105cej por\u0119czenie dokonanego na ten cel<\/strong>. <strong>S\u0105d albo prokurator b\u0119dzie m\u00f3g\u0142 uzale\u017cni\u0107 przyj\u0119cie przedmiotu por\u0119czenia maj\u0105tkowego od wykazania przez osob\u0119 sk\u0142adaj\u0105c\u0105 por\u0119czenie \u017ar\u00f3d\u0142a pochodzenia tego przedmiotu<\/strong>. <\/p>\n\n\n\n<p class=\"wp-block-paragraph\">Innymi s\u0142owy, pieni\u0105dze maj\u0105 pochodzi\u0107 z maj\u0105tku oskar\u017conego lub por\u0119czyciela i powinny zosta\u0107 zgromadzone przez nich samych. Nie przejd\u0105 tutaj darowizny, po\u017cyczki lub inne podobne \u015bwiadczenia, je\u017celi pieni\u0105dze zosta\u0142y przekazane przez drug\u0105 stron\u0119 wy\u0142\u0105cznie w celu z\u0142o\u017cenia ich jako por\u0119czenia maj\u0105tkowego. Nie powinno by\u0107 jednak problemu w sytuacji, gdy oskar\u017cony lub por\u0119czyciel zobowi\u0105zuje si\u0119 sprzeda\u0107 pewien sk\u0142adnik z ich maj\u0105tku, a otrzymane w zamian pieni\u0105dze przeznaczy na z\u0142o\u017cenie por\u0119czenia maj\u0105tkowego.<\/p>\n\n\n\n<p class=\"wp-block-paragraph\">W zwi\u0105zku z pandemi\u0105 koronawirusa mieli\u015bmy ju\u017c zawieszenie biegu przedawnienia, a nast\u0119pnie jego wznowienie (wraz z popraw\u0105 sytuacji epidemicznej). Tym razem z woli ustawodawcy znowu <strong>w okresie obowi\u0105zywania stanu zagro\u017cenia epidemicznego albo stanu epidemii, og\u0142oszonego z powodu COVID-19, oraz w okresie 6 miesi\u0119cy po ich odwo\u0142aniu nie b\u0119dzie bieg\u0142o przedawnienie karalno\u015bci czynu oraz przedawnienie wykonania kary w sprawach o przest\u0119pstwa i przest\u0119pstwa skarbowe<\/strong>. Stan zagro\u017cenia epidemicznego liczony b\u0119dzie od 14 marca 2020 r., a stan epidemii od 20 marca 2020 r. <\/p>\n\n\n\n<p class=\"wp-block-paragraph\">Do czyn\u00f3w pope\u0142nionych przed dniem wej\u015bcia w \u017cycie nowelizacji oraz kar orzeczonych przed dniem wej\u015bcia w \u017cycie nowelizacji stosuje si\u0119 przepisy o przedawnieniu w brzmieniu nadanym ustaw\u0105 nowelizuj\u0105c\u0105, chyba \u017ce termin przedawnienia ju\u017c up\u0142yn\u0105\u0142. Oznacza to, \u017ce wyd\u0142u\u017cy si\u0119 biegn\u0105ce ju\u017c przedawnienie (&#8222;zmiana zasad w trakcie gry&#8221;), ale nie zostan\u0105 zniweczone skutki przedawnienia, kt\u00f3re zd\u0105\u017cy\u0142o ju\u017c w ca\u0142o\u015bci up\u0142yn\u0105\u0107 przed wej\u015bciem w \u017cycie nowelizacji.<\/p>\n","protected":false},"excerpt":{"rendered":"<p>Ci\u0105g dalszy demolowania prawa karnego materialnego oraz procedury karnej. Prezydent podpisa\u0142 ustaw\u0119 z dnia 20 kwietnia 2021 r. o zmianie ustawy \u2013 Kodeks karny oraz niekt\u00f3rych innych ustaw. Ustawa wejdzie w \u017cycie po up\u0142ywie 14 dni od dnia jej og\u0142oszenia.<\/p>\n","protected":false},"author":2,"featured_media":155,"comment_status":"open","ping_status":"open","sticky":false,"template":"","format":"standard","meta":{"footnotes":""},"categories":[90],"tags":[94,92,93,91,83,95],"class_list":["post-154","post","type-post","status-publish","format-standard","has-post-thumbnail","category-prawo-karne","tag-adwokat","tag-nowelizacja","tag-poreczenie","tag-prawo-karne","tag-przedawnienie","tag-torun"],"_links":{"self":[{"href":"https:\/\/warzycki.pl\/blog\/wp-json\/wp\/v2\/posts\/154","targetHints":{"allow":["GET"]}}],"collection":[{"href":"https:\/\/warzycki.pl\/blog\/wp-json\/wp\/v2\/posts"}],"about":[{"href":"https:\/\/warzycki.pl\/blog\/wp-json\/wp\/v2\/types\/post"}],"author":[{"embeddable":true,"href":"https:\/\/warzycki.pl\/blog\/wp-json\/wp\/v2\/users\/2"}],"replies":[{"embeddable":true,"href":"https:\/\/warzycki.pl\/blog\/wp-json\/wp\/v2\/comments?post=154"}],"version-history":[{"count":4,"href":"https:\/\/warzycki.pl\/blog\/wp-json\/wp\/v2\/posts\/154\/revisions"}],"predecessor-version":[{"id":160,"href":"https:\/\/warzycki.pl\/blog\/wp-json\/wp\/v2\/posts\/154\/revisions\/160"}],"wp:featuredmedia":[{"embeddable":true,"href":"https:\/\/warzycki.pl\/blog\/wp-json\/wp\/v2\/media\/155"}],"wp:attachment":[{"href":"https:\/\/warzycki.pl\/blog\/wp-json\/wp\/v2\/media?parent=154"}],"wp:term":[{"taxonomy":"category","embeddable":true,"href":"https:\/\/warzycki.pl\/blog\/wp-json\/wp\/v2\/categories?post=154"},{"taxonomy":"post_tag","embeddable":true,"href":"https:\/\/warzycki.pl\/blog\/wp-json\/wp\/v2\/tags?post=154"}],"curies":[{"name":"wp","href":"https:\/\/api.w.org\/{rel}","templated":true}]}}