{"id":398,"date":"2022-12-10T13:30:20","date_gmt":"2022-12-10T12:30:20","guid":{"rendered":"https:\/\/warzycki.pl\/blog\/?p=398"},"modified":"2023-01-12T13:17:26","modified_gmt":"2023-01-12T12:17:26","slug":"przepadek-samochodu-prowadzonego-przez-sprawce-przestepstwa","status":"publish","type":"post","link":"https:\/\/warzycki.pl\/blog\/2022\/12\/10\/przepadek-samochodu-prowadzonego-przez-sprawce-przestepstwa\/","title":{"rendered":"Przepadek samochodu prowadzonego przez sprawc\u0119 przest\u0119pstwa"},"content":{"rendered":"\n<p class=\"wp-block-paragraph\"><strong>Prezydent podpisa\u0142 kontrowersyjn\u0105 nowelizacj\u0119 prawa karnego. Oskar\u017ceni o przest\u0119pstwa musz\u0105 liczy\u0107 si\u0119 z surowsz\u0105 odpowiedzialno\u015bci\u0105. Za niekt\u00f3re przest\u0119pstwa b\u0119dzie grozi\u0107 przepadek samochodu prowadzonego przez sprawc\u0119 w czasie pope\u0142nienia czynu. Na znaczeniu zyskuje zatem jeszcze bardziej potrzeba prowadzenia umiej\u0119tnej obrony w sprawach karnych \u2013 <a href=\"https:\/\/warzycki.pl\/prawo-karne\" target=\"_blank\" data-type=\"URL\" data-id=\"https:\/\/warzycki.pl\/prawo-karne\" rel=\"noreferrer noopener\">najlepiej od samego pocz\u0105tku z udzia\u0142em adwokata \u2013 obro\u0144cy<\/a>.<\/strong><\/p>\n\n\n\n<p class=\"wp-block-paragraph\">Zgodnie z nowym art. 44b kodeksu karnego w wypadkach wskazanych w ustawie s\u0105d orzeka <strong>przepadek pojazdu mechanicznego prowadzonego przez sprawc\u0119 w ruchu l\u0105dowym<\/strong>.<\/p>\n\n\n\n<p class=\"wp-block-paragraph\">Je\u017celi orzeczenie przepadku pojazdu mechanicznego z uwagi na jego zbycie, utrat\u0119, zniszczenie lub znaczne uszkodzenie b\u0119dzie niemo\u017cliwe lub niecelowe, albo je\u017celi pojazd w czasie pope\u0142nienia przest\u0119pstwa nie stanowi\u0142 wy\u0142\u0105cznej w\u0142asno\u015bci sprawcy (np. by\u0142 leasingowany), zamiast przepadku pojazdu mechanicznego orzeka si\u0119 <strong>przepadek r\u00f3wnowarto\u015bci pojazdu<\/strong>.<\/p>\n\n\n\n<p class=\"wp-block-paragraph\">Wygl\u0105da na to, \u017ce je\u017celi pojazd stanowi\u0142 tylko wsp\u00f3\u0142w\u0142asno\u015b\u0107 sprawcy, orzeczony zostanie przepadek r\u00f3wnowarto\u015bci ca\u0142ego pojazdu, a nie udzia\u0142u przys\u0142uguj\u0105cego sprawcy&#8230;<\/p>\n\n\n\n<h2 class=\"wp-block-heading\">Przepadek pojazdu a r\u00f3wnowarto\u015b\u0107 <\/h2>\n\n\n\n<p class=\"wp-block-paragraph\">Za r\u00f3wnowarto\u015b\u0107 pojazdu uznaje si\u0119<strong> warto\u015b\u0107 pojazdu okre\u015blon\u0105 w polisie ubezpieczeniowej<\/strong> na rok, w kt\u00f3rym pope\u0142niono przest\u0119pstwo, a w razie braku polisy \u2013 \u015bredni\u0105 warto\u015b\u0107 rynkow\u0105 pojazdu odpowiadaj\u0105cego, przy uwzgl\u0119dnieniu marki, modelu, roku produkcji, typu nadwozia, rodzaju nap\u0119du i silnika, pojemno\u015bci lub mocy silnika oraz przybli\u017conego przebiegu, pojazdowi prowadzonemu przez sprawc\u0119, ustalon\u0105 na podstawie dost\u0119pnych danych, bez powo\u0142ywania w tym celu bieg\u0142ego. <\/p>\n\n\n\n<p class=\"wp-block-paragraph\">Je\u017celi ustalenie \u015bredniej warto\u015bci rynkowej pojazdu mechanicznego odpowiadaj\u0105cego pojazdowi prowadzonemu przez sprawc\u0119 w ten spos\u00f3b nie jest mo\u017cliwe ze wzgl\u0119du na <strong>szczeg\u00f3lne cechy tego pojazdu<\/strong>, zasi\u0119ga si\u0119 <strong>opinii bieg\u0142ego<\/strong>.<\/p>\n\n\n\n<h2 class=\"wp-block-heading\">Kiedy przepadek pojazdu nie dzia\u0142a?<\/h2>\n\n\n\n<p class=\"wp-block-paragraph\">Przepadku pojazdu mechanicznego oraz przepadku r\u00f3wnowarto\u015bci pojazdu nie orzeka si\u0119, je\u017celi sprawca prowadzi\u0142 niestanowi\u0105cy jego w\u0142asno\u015bci pojazd mechaniczny wykonuj\u0105c czynno\u015bci zawodowe lub s\u0142u\u017cbowe polegaj\u0105ce na prowadzeniu pojazdu na rzecz pracodawcy. W takim wypadku s\u0105d orzeka nawi\u0105zk\u0119 w wysoko\u015bci co najmniej 5000 z\u0142otych na rzecz Funduszu Pomocy Pokrzywdzonym oraz Pomocy Postpenitencjarnej.<\/p>\n\n\n\n<h2 class=\"wp-block-heading\">Wypadek w stanie nietrze\u017awo\u015bci &#8211; a przepadek pojazdu<\/h2>\n\n\n\n<p class=\"wp-block-paragraph\">Przepadek samochodu albo jego r\u00f3wnowarto\u015bci b\u0119dzie <strong>obowi\u0105zkowo orzekany <\/strong>za spowodowanie <strong>wypadku drogowego<\/strong>, gdy sprawca znajdowa\u0142 si\u0119 <strong>w stanie nietrze\u017awo\u015bci <\/strong>lub <strong>pod wp\u0142ywem \u015brodka odurzaj\u0105cego<\/strong>, <strong>zbieg\u0142 z miejsca zdarzenia<\/strong> albo <strong>spo\u017cywa\u0142 alkohol lub za\u017cywa\u0142 \u015brodek odurzaj\u0105cy po pope\u0142nieniu czynu, a przed poddaniem go przez uprawniony organ badaniu<\/strong> w celu ustalenia w organizmie zawarto\u015bci alkoholu lub obecno\u015bci \u015brodka odurzaj\u0105cego.<\/p>\n\n\n\n<p class=\"wp-block-paragraph\">Przepadek samochodu b\u0119dzie r\u00f3wnie\u017c orzekany wobec osoby, kt\u00f3ra prowadzi\u0142a pojazd mechaniczny w ruchu l\u0105dowym znajduj\u0105c si\u0119 w stanie nietrze\u017awo\u015bci lub pod wp\u0142ywem \u015brodka odurzaj\u0105cego. <strong>S\u0105d b\u0119dzie m\u00f3g\u0142 odst\u0105pi\u0107 od orzeczenia przepadku<\/strong>, je\u017celi zachodzi\u0107 b\u0119dzie <strong>wyj\u0105tkowy wypadek, uzasadniony szczeg\u00f3lnymi okoliczno\u015bciami<\/strong>. <strong>Przepadek w og\u00f3le nie grozi sprawcy, kt\u00f3ry nie by\u0142 wcze\u015bniej karany za jazd\u0119 \u201epod wp\u0142ywem\u201d, je\u017celi zawarto\u015b\u0107 alkoholu w jego organizmie by\u0142a ni\u017csza ni\u017c 1,5 promila we krwi lub 0,75 mg\/dm<sup>3<\/sup> w wydychanym powietrzu albo nie prowadzi\u0142a do takiego st\u0119\u017cenia<\/strong>.<\/p>\n\n\n\n<p class=\"wp-block-paragraph\">Nie wiadomo, czy wszystkie s\u0105dy b\u0119d\u0105 stosowa\u0107 znowelizowane przepisy. Przepadek pojazdu mechanicznego prowadzonego przez sprawc\u0119 budzi w\u0105tpliwo\u015bci co do jego <strong>konstytucyjno\u015bci<\/strong>. Wszyscy s\u0105 r\u00f3wni wobec prawa, tymczasem surowsze konsekwencje (ekonomiczne) za takie samo przest\u0119pstwo gro\u017c\u0105 jednak posiadaczowi dro\u017cszego auta. <\/p>\n\n\n\n<h2 class=\"wp-block-heading\">Przepadek pojazdu &#8211; pomoc prawna adwokata<\/h2>\n\n\n\n<p class=\"wp-block-paragraph\">Podejrzany o przest\u0119pstwo prowadzenia pojazdu w stanie nietrze\u017awo\u015bci lub pod wp\u0142ywem \u015brodka odurzaj\u0105cego ma prawo do obrony. Adwokat np. <a href=\"https:\/\/warzycki.pl\/prawo-karne\" data-type=\"URL\" data-id=\"https:\/\/warzycki.pl\/prawo-karne\">specjalizuj\u0105cy si\u0119 w prawie karnym<\/a> mo\u017ce pom\u00f3c uzyska\u0107 warunkowe umorzenie post\u0119powania, brak zakazu prowadzenia pojazd\u00f3w lub jego orzeczenie na kr\u00f3tszy okres tudzie\u017c odst\u0105pienie od przepadku pojazdu, a w przysz\u0142o\u015bci tak\u017ce blokad\u0119 alkoholow\u0105 i skr\u00f3cenie orzeczonego zakazu prowadzenia pojazd\u00f3w. W razie pyta\u0144 lub w\u0105tpliwo\u015bci zapraszam do kontaktu z moj\u0105 <a href=\"https:\/\/warzycki.pl\/adwokat-torun\" data-type=\"URL\" target=\"_blank\" rel=\"noreferrer noopener\">kancelari\u0105 adwokack\u0105 w Toruniu<\/a>.<\/p>\n\n\n\n<h2 class=\"wp-block-heading\">Kiedy przepisy dot. przepadku pojazdu wchodz\u0105 w \u017cycie?<\/h2>\n\n\n\n<p class=\"wp-block-paragraph\">Przepisy dotycz\u0105ce przepadku pojazdu mechanicznego prowadzonego przez sprawc\u0119 wchodz\u0105 w \u017cycie po up\u0142ywie roku od dnia og\u0142oszenia ustawy nowelizuj\u0105cej.<\/p>\n\n\n\n<h2 class=\"wp-block-heading\">Szukasz adwokata od prawa Karnego w Toruniu?<\/h2>\n\n\n\n<p class=\"wp-block-paragraph\">W razie pyta\u0144 lub w\u0105tpliwo\u015bci zapraszam do kontaktu z moj\u0105&nbsp;<a href=\"https:\/\/warzycki.pl\/prawo-karne\">kancelari\u0105 adwokack\u0105 specjalizuj\u0105c\u0105 si\u0119 w prawie Karnym<\/a>. Ch\u0119tnie odpowiem na pa\u0144stwa pytania i poprowadz\u0119 ew. post\u0119powanie Karne.<\/p>\n","protected":false},"excerpt":{"rendered":"<p>W tym wpisie przedstawiam szczeg\u00f3\u0142y przepadku samochodu prowadzonego przez sprawc\u0119 przest\u0119pstwa w ruchu l\u0105dowym po nowelizacji kodeksu karnego. <\/p>\n","protected":false},"author":2,"featured_media":412,"comment_status":"closed","ping_status":"open","sticky":false,"template":"","format":"standard","meta":{"footnotes":""},"categories":[90,271],"tags":[266,248,265,251,91,268,267],"class_list":["post-398","post","type-post","status-publish","format-standard","has-post-thumbnail","category-prawo-karne","category-adwokat-torun","tag-adwokat-od-spraw-karnych-torun","tag-adwokat-torun","tag-kancelaria-adwokacka-torun","tag-prawnik-torun","tag-prawo-karne","tag-prowadzenie-pojazdu-w-stanie-nietrzezwosci","tag-przepadek-samochodu"],"_links":{"self":[{"href":"https:\/\/warzycki.pl\/blog\/wp-json\/wp\/v2\/posts\/398","targetHints":{"allow":["GET"]}}],"collection":[{"href":"https:\/\/warzycki.pl\/blog\/wp-json\/wp\/v2\/posts"}],"about":[{"href":"https:\/\/warzycki.pl\/blog\/wp-json\/wp\/v2\/types\/post"}],"author":[{"embeddable":true,"href":"https:\/\/warzycki.pl\/blog\/wp-json\/wp\/v2\/users\/2"}],"replies":[{"embeddable":true,"href":"https:\/\/warzycki.pl\/blog\/wp-json\/wp\/v2\/comments?post=398"}],"version-history":[{"count":5,"href":"https:\/\/warzycki.pl\/blog\/wp-json\/wp\/v2\/posts\/398\/revisions"}],"predecessor-version":[{"id":419,"href":"https:\/\/warzycki.pl\/blog\/wp-json\/wp\/v2\/posts\/398\/revisions\/419"}],"wp:featuredmedia":[{"embeddable":true,"href":"https:\/\/warzycki.pl\/blog\/wp-json\/wp\/v2\/media\/412"}],"wp:attachment":[{"href":"https:\/\/warzycki.pl\/blog\/wp-json\/wp\/v2\/media?parent=398"}],"wp:term":[{"taxonomy":"category","embeddable":true,"href":"https:\/\/warzycki.pl\/blog\/wp-json\/wp\/v2\/categories?post=398"},{"taxonomy":"post_tag","embeddable":true,"href":"https:\/\/warzycki.pl\/blog\/wp-json\/wp\/v2\/tags?post=398"}],"curies":[{"name":"wp","href":"https:\/\/api.w.org\/{rel}","templated":true}]}}