{"id":40,"date":"2021-04-30T11:23:25","date_gmt":"2021-04-30T09:23:25","guid":{"rendered":"http:\/\/warzycki.pl\/blog\/?p=40"},"modified":"2021-04-30T11:29:40","modified_gmt":"2021-04-30T09:29:40","slug":"tarcza-antykryzysowa-2-0","status":"publish","type":"post","link":"https:\/\/warzycki.pl\/blog\/2021\/04\/30\/tarcza-antykryzysowa-2-0\/","title":{"rendered":"Tarcza antykryzysowa 2.0"},"content":{"rendered":"\n<p class=\"wp-block-paragraph\"><strong>Parlament proceduje nad trzeci\u0105 ju\u017c tarcz\u0105 antykryzysow\u0105 dla polskiego biznesu dotkni\u0119tego pandemi\u0105 koronawirusa. Czas najwy\u017cszy przekona\u0107 si\u0119, jakie zmiany &#8211; nie licz\u0105c dora\u017anych rozwi\u0105za\u0144 &#8211; wprowadzi\u0142a druga &#8222;tarcza&#8221;, czyli ustawa z dnia 16 kwietnia 2020 r. o szczeg\u00f3lnych instrumentach wsparcia w zwi\u0105zku z rozprzestrzenianiem si\u0119 wirusa SARS-CoV-2.<\/strong><\/p>\n\n\n\n<p class=\"wp-block-paragraph\">W\u0142adze <strong>stowarzyszenia <\/strong>b\u0119d\u0105 mog\u0142y wzi\u0105\u0107 udzia\u0142 w posiedzeniach i przeprowadza\u0107 g\u0142osowania przy wykorzystaniu \u015brodk\u00f3w komunikacji elektronicznej. Redakcja przepisu wo\u0142a jednak o pomst\u0119 do nieba, a ustawa pozwala na zastosowanie nowych rozwi\u0105za\u0144 jedynie podczas stanu zagro\u017cenia epidemicznego lub stanu epidemii.<\/p>\n\n\n\n<p class=\"wp-block-paragraph\">Wreszcie w przepisach rangi ustawowej znalaz\u0142a si\u0119 podstawa do zwolnienia z <strong>podatku od czynno\u015bci cywilnoprawnych transakcji kryptowalutami<\/strong>, tj. sprzeda\u017cy i zamiany walut wirtualnych w rozumieniu art. 2 ust. 2 pkt 26 ustawy z dnia 1 marca 2018 r. o przeciwdzia\u0142aniu praniu pieni\u0119dzy oraz finansowaniu terroryzmu (od dnia 1 lipca 2020 r.).<\/p>\n\n\n\n<p class=\"wp-block-paragraph\">W okresie stanu zagro\u017cenia epidemicznego albo stanu epidemii dopuszcza si\u0119 <strong>przeprowadzanie szkole\u0144 wst\u0119pnych w dziedzinie bezpiecze\u0144stwa i higieny pracy i s\u0142u\u017cby w ca\u0142o\u015bci za po\u015brednictwem \u015brodk\u00f3w komunikacji elektronicznej<\/strong>. Nie dotyczy to jednak instrukta\u017cu stanowiskowego: pracownika zatrudnianego na stanowisku robotniczym; pracownika zatrudnionego na stanowisku, na kt\u00f3rym wyst\u0119puje nara\u017cenie na dzia\u0142anie czynnik\u00f3w niebezpiecznych; pracownika przenoszonego na takie stanowiska; ucznia odbywaj\u0105cego praktyczn\u0105 nauk\u0119 zawodu oraz studenta odbywaj\u0105cego praktyk\u0119 studenck\u0105.<\/p>\n\n\n\n<p class=\"wp-block-paragraph\">B\u0119dzie trudno o <strong>odszkodowanie <\/strong>za koronawirusowe trudno\u015bci. &nbsp;Zarz\u0105dzaj\u0105cy lotniskiem, dworcem kolejowym, portem morskim, przystani\u0105 morsk\u0105 lub terminalem morskim, przewo\u017anik lotniczy, kolejowy, drogowy, morski, w \u017cegludze \u015br\u00f3dl\u0105dowej lub operator pocztowy <strong>nie ponosz\u0105 odpowiedzialno\u015bci za szkod\u0119 wyrz\u0105dzon\u0105 w zwi\u0105zku z uzasadnionymi dzia\u0142aniami w\u0142adz publicznych lub w\u0142asnymi dzia\u0142aniami maj\u0105cymi na celu przeciwdzia\u0142anie COVID-19. <\/strong>Ustawa wymienia przyk\u0142adowe przypadki, w kt\u00f3rych nie otrzymamy rekompensaty: brak mo\u017cliwo\u015bci \u015bwiadczenia us\u0142ug, brak mo\u017cliwo\u015bci przewozu oraz brak mo\u017cliwo\u015bci lub ograniczenie prowadzenia dzia\u0142alno\u015bci handlowej na lotniskach i dworcach kolejowych, wywo\u0142uj\u0105ce zmniejszenie przychod\u00f3w.<\/p>\n\n\n\n<p class=\"wp-block-paragraph\">Gdy wr\u00f3cimy ju\u017c do s\u0105d\u00f3w, a nadal b\u0119dzie obowi\u0105zywa\u0142 stan zagro\u017cenia epidemicznego albo stan epidemii, <strong>usprawiedliwienie niestawiennictwa przed s\u0105dem z powodu choroby nie b\u0119dzie wymaga\u0142o przedstawienia za\u015bwiadczenia od lekarza s\u0105dowego<\/strong>.<\/p>\n\n\n\n<p class=\"wp-block-paragraph\">W sprawach cywilnych, w czasie stanu zagro\u017cenia epidemicznego lub stanu epidemii, s\u0105d w sk\u0142adzie jednego s\u0119dziego rozpozna <strong>wnioski o udzielenie lub zmian\u0119 zabezpieczenia<\/strong> &#8211; na posiedzeniu niejawnym, o ile s\u0105d nie uzna za konieczne przeprowadzenia rozprawy. Aktualne sprawy niepr\u0119dko trafi\u0105 na wokand\u0119, dlatego wskazane jest umiej\u0119tne korzystanie z instytucji zabezpieczenia pow\u00f3dztwa. Od 1 stycznia 2020 r. przedsi\u0119biorcy mog\u0105 \u0142atwiej wykaza\u0107 sw\u00f3j interes prawny w udzieleniu zabezpieczenia. Wi\u0119cej przeczytasz w moim <a rel=\"noreferrer noopener nofollow\" href=\"https:\/\/www.bettercallpiotr.com\/post\/poradnik-dla-przedsi%C4%99biorc%C3%B3w-pobierz-za-darmo\" target=\"_blank\"><u>darmowym poradniku<\/u><\/a>.<\/p>\n\n\n\n<p class=\"wp-block-paragraph\">Niewyp\u0142acalni d\u0142u\u017cnicy nie b\u0119d\u0105 musieli spieszy\u0107 si\u0119 ze z\u0142o\u017ceniem <strong>wniosku o og\u0142oszenie upad\u0142o\u015bci<\/strong>:<\/p>\n\n\n\n<blockquote class=\"wp-block-quote is-layout-flow wp-block-quote-is-layout-flow\"><p>Je\u017celi podstawa do og\u0142oszenia upad\u0142o\u015bci d\u0142u\u017cnika powsta\u0142a w okresie obowi\u0105zywania stanu zagro\u017cenia epidemicznego albo stanu epidemii og\u0142oszonego z powodu COVID-19, a stan niewyp\u0142acalno\u015bci powsta\u0142 z powodu COVID-19, bieg terminu do z\u0142o\u017cenia wniosku o og\u0142oszenie upad\u0142o\u015bci, o kt\u00f3rym mowa w art. 21 ustawy z dnia 28 lutego 2003 r. \u2013 Prawo upad\u0142o\u015bciowe nie rozpoczyna si\u0119, a rozpocz\u0119ty ulega przerwaniu. Po tym okresie termin ten biegnie na nowo. Je\u017celi stan niewyp\u0142acalno\u015bci powsta\u0142 w czasie obowi\u0105zywania stanu zagro\u017cenia epidemicznego albo stanu epidemii og\u0142oszonego z powodu COVID-19 domniemywa si\u0119, \u017ce zaistnia\u0142 z powodu COVID-19.<\/p><\/blockquote>\n\n\n\n<p class=\"wp-block-paragraph\">Wierzyciele nie b\u0119d\u0105 zadowoleni (trudno b\u0119dzie o wykazanie przest\u0119pstwa z art. 586 kodeksu sp\u00f3\u0142ek handlowych, odpowiedzialno\u015bci z art. 299 k.s.h. tudzie\u017c o zastosowanie zakazu prowadzenia dzia\u0142alno\u015bci gospodarczej), ale nadal b\u0119d\u0105 legitymowani do samodzielnego z\u0142o\u017cenia wniosku o og\u0142oszenie upad\u0142o\u015bci.<\/p>\n","protected":false},"excerpt":{"rendered":"<p>Parlament proceduje nad trzeci\u0105 ju\u017c tarcz\u0105 antykryzysow\u0105 dla polskiego biznesu dotkni\u0119tego pandemi\u0105 koronawirusa. Czas najwy\u017cszy przekona\u0107 si\u0119, jakie zmiany &#8211; nie licz\u0105c dora\u017anych rozwi\u0105za\u0144 &#8211; wprowadzi\u0142a druga &#8222;tarcza&#8221;, czyli ustawa z dnia 16 kwietnia 2020 r. o szczeg\u00f3lnych instrumentach wsparcia w zwi\u0105zku z rozprzestrzenianiem si\u0119 wirusa SARS-CoV-2.<\/p>\n","protected":false},"author":1,"featured_media":41,"comment_status":"open","ping_status":"open","sticky":false,"template":"","format":"standard","meta":{"footnotes":""},"categories":[1],"tags":[],"class_list":["post-40","post","type-post","status-publish","format-standard","has-post-thumbnail","category-bez-kategorii"],"_links":{"self":[{"href":"https:\/\/warzycki.pl\/blog\/wp-json\/wp\/v2\/posts\/40","targetHints":{"allow":["GET"]}}],"collection":[{"href":"https:\/\/warzycki.pl\/blog\/wp-json\/wp\/v2\/posts"}],"about":[{"href":"https:\/\/warzycki.pl\/blog\/wp-json\/wp\/v2\/types\/post"}],"author":[{"embeddable":true,"href":"https:\/\/warzycki.pl\/blog\/wp-json\/wp\/v2\/users\/1"}],"replies":[{"embeddable":true,"href":"https:\/\/warzycki.pl\/blog\/wp-json\/wp\/v2\/comments?post=40"}],"version-history":[{"count":4,"href":"https:\/\/warzycki.pl\/blog\/wp-json\/wp\/v2\/posts\/40\/revisions"}],"predecessor-version":[{"id":46,"href":"https:\/\/warzycki.pl\/blog\/wp-json\/wp\/v2\/posts\/40\/revisions\/46"}],"wp:featuredmedia":[{"embeddable":true,"href":"https:\/\/warzycki.pl\/blog\/wp-json\/wp\/v2\/media\/41"}],"wp:attachment":[{"href":"https:\/\/warzycki.pl\/blog\/wp-json\/wp\/v2\/media?parent=40"}],"wp:term":[{"taxonomy":"category","embeddable":true,"href":"https:\/\/warzycki.pl\/blog\/wp-json\/wp\/v2\/categories?post=40"},{"taxonomy":"post_tag","embeddable":true,"href":"https:\/\/warzycki.pl\/blog\/wp-json\/wp\/v2\/tags?post=40"}],"curies":[{"name":"wp","href":"https:\/\/api.w.org\/{rel}","templated":true}]}}