{"id":403,"date":"2022-12-10T13:54:19","date_gmt":"2022-12-10T12:54:19","guid":{"rendered":"https:\/\/warzycki.pl\/blog\/?p=403"},"modified":"2023-01-12T13:15:28","modified_gmt":"2023-01-12T12:15:28","slug":"zmiany-w-prawie-karnym-2022-2023","status":"publish","type":"post","link":"https:\/\/warzycki.pl\/blog\/2022\/12\/10\/zmiany-w-prawie-karnym-2022-2023\/","title":{"rendered":"Zmiany w prawie karnym 2022\/2023"},"content":{"rendered":"\n<p class=\"wp-block-paragraph\"><strong>Prezydent podpisa\u0142 kontrowersyjn\u0105 nowelizacj\u0119 prawa karnego. Oskar\u017ceni o przest\u0119pstwa musz\u0105 liczy\u0107 si\u0119 z surowsz\u0105 odpowiedzialno\u015bci\u0105. Na znaczeniu zyskuje zatem jeszcze bardziej potrzeba prowadzenia umiej\u0119tnej obrony w sprawach karnych \u2013 <a href=\"https:\/\/warzycki.pl\/prawo-karne\" data-type=\"URL\" data-id=\"https:\/\/warzycki.pl\/prawo-karne\" target=\"_blank\" rel=\"noreferrer noopener\">najlepiej od samego pocz\u0105tku z udzia\u0142em adwokata \u2013 obro\u0144cy<\/a>. W tym wpisie przedstawiam najwa\u017cniejsze zmiany w kodeksie karnym. <\/strong><\/p>\n\n\n\n<p class=\"wp-block-paragraph\"><strong>Grzywny <\/strong>za przest\u0119pstwa zagro\u017cone zar\u00f3wno grzywn\u0105, jak i kar\u0105 pozbawienia wolno\u015bci, a tak\u017ce grzywny orzekane \u0142\u0105cznie z kar\u0105 pozbawienia wolno\u015bci b\u0119d\u0105 orzekane w wysoko\u015bci nie ni\u017cszej od 50, 100 albo 150 stawek dziennych \u2013 je\u017celi czyn jest zagro\u017cony kar\u0105 pozbawienia wolno\u015bci odpowiednio nieprzekraczaj\u0105c\u0105 roku, nieprzekraczaj\u0105c\u0105 2 lat albo przekraczaj\u0105c\u0105 2 lata.<\/p>\n\n\n\n<p class=\"wp-block-paragraph\">Nie b\u0119dzie ju\u017c kary pozbawienia wolno\u015bci od miesi\u0105ca do 15 lat oraz odr\u0119bnej kary 25 lat pozbawienia wolno\u015bci. <strong>Kara pozbawienia wolno\u015bci b\u0119dzie trwa\u0142a najkr\u00f3cej miesi\u0105c, najd\u0142u\u017cej 30 lat<\/strong> &#8211; b\u0119dzie wymierzana w miesi\u0105cach i latach.<\/p>\n\n\n\n<p class=\"wp-block-paragraph\">Kara \u0142\u0105czna pozbawienia wolno\u015bci b\u0119dzie mog\u0142a zosta\u0107 orzeczona w wymiarze nawet 30 lat.<\/p>\n\n\n\n<p class=\"wp-block-paragraph\">S\u0105d obowi\u0105zkowo orzeknie, na okres nie kr\u00f3tszy ni\u017c 3 lata, <strong>zakaz prowadzenia wszelkich pojazd\u00f3w<\/strong> albo pojazd\u00f3w okre\u015blonego rodzaju, je\u017celi <strong>sprawca przest\u0119pstwa przeciwko bezpiecze\u0144stwu w komunikacji po zdarzeniu, a przed poddaniem go przez uprawniony organ badaniu w celu ustalenia zawarto\u015bci alkoholu lub \u015brodka odurzaj\u0105cego w organizmie, spo\u017cywa\u0142 alkohol lub za\u017cywa\u0142 \u015brodek odurzaj\u0105cy<\/strong>.<\/p>\n\n\n\n<p class=\"wp-block-paragraph\">Sprawca wypadku drogowego lub katastrofy w ruchu, kt\u00f3ry spo\u017cyje alkohol lub \u015brodek odurzaj\u0105cy przed badaniem, b\u0119dzie odpowiada\u0142 w warunkach art. 178 k.k. (s\u0105d orzeka kar\u0119 pozbawienia wolno\u015bci przewidzian\u0105 za&nbsp;przypisane sprawcy przest\u0119pstwo w wysoko\u015bci od dolnej granicy ustawowego zagro\u017cenia zwi\u0119kszonego o po\u0142ow\u0119 do g\u00f3rnej granicy tego zagro\u017cenia zwi\u0119kszonego o&nbsp;po\u0142ow\u0119).<\/p>\n\n\n\n<h2 class=\"wp-block-heading\">Prowadzenie samochodu po alkoholu &#8211; co si\u0119 zmieni?<\/h2>\n\n\n\n<p class=\"wp-block-paragraph\">Dzisiaj kto, znajduj\u0105c si\u0119 w stanie nietrze\u017awo\u015bci lub pod wp\u0142ywem \u015brodka odurzaj\u0105cego, prowadzi pojazd mechaniczny w ruchu l\u0105dowym, wodnym lub powietrznym, podlega grzywnie, karze ograniczenia wolno\u015bci albo pozbawienia wolno\u015bci do lat 2. Po nowelizacji b\u0119dzie grozi\u0107 za to kara pozbawienia wolno\u015bci do lat 3.<\/p>\n\n\n\n<p class=\"wp-block-paragraph\">Sztandarow\u0105 nowo\u015bci\u0105 ma by\u0107 <strong>przepadek pojazdu mechanicznego prowadzonego przez sprawc\u0119 w ruchu l\u0105dowym<\/strong>. Wi\u0119cej o tym, <a href=\"https:\/\/warzycki.pl\/blog\/2022\/12\/10\/przepadek-samochodu-prowadzonego-przez-sprawce-przestepstwa\/\" target=\"_blank\" data-type=\"URL\" data-id=\"https:\/\/warzycki.pl\/blog\/2022\/12\/10\/przepadek-samochodu-prowadzonego-przez-sprawce-przestepstwa\/\" rel=\"noreferrer noopener nofollow\">kto mo\u017ce straci\u0107 sw\u00f3j samoch\u00f3d za przest\u0119pstwo, przeczytasz w odr\u0119bnym wpisie<\/a>.<\/p>\n\n\n\n<p class=\"wp-block-paragraph\">Udzia\u0142 w b\u00f3jce lub pobiciu b\u0119dzie wi\u0105za\u0107 si\u0119 z mo\u017cliwo\u015bci\u0105 orzeczenia wobec sprawcy obowi\u0105zku zap\u0142aty na rzecz Funduszu Pomocy Pokrzywdzonym oraz Pomocy Postpenitencjarnej co najmniej 5000 z\u0142otych.<\/p>\n\n\n\n<p class=\"wp-block-paragraph\">S\u0142ynny art. 60 kodeksu karnego w \u00a7 3 uzyska brzmienie: Na wniosek prokuratora s\u0105d stosuje nadzwyczajne z\u0142agodzenie kary, a nawet mo\u017ce warunkowo zawiesi\u0107 jej wykonanie w stosunku do sprawcy wsp\u00f3\u0142dzia\u0142aj\u0105cego z innymi osobami w pope\u0142nieniu przest\u0119pstwa, je\u017celi ujawni on wobec organu powo\u0142anego do \u015bcigania przest\u0119pstw informacje dotycz\u0105ce os\u00f3b uczestnicz\u0105cych w pope\u0142nieniu przest\u0119pstwa oraz istotne okoliczno\u015bci jego pope\u0142nienia. Aktualnie skorzystanie z dobrodziejstwa art. 60 nie jest warunkowane uprzednim wnioskiem prokuratora.<\/p>\n\n\n\n<p class=\"wp-block-paragraph\"><strong>Kara pozbawienia wolno\u015bci \u201ew zawieszeniu\u201d b\u0119dzie mog\u0142a zosta\u0107 zarz\u0105dzona przez rok od ko\u0144ca okresu pr\u00f3by<\/strong>. Obecnie zarz\u0105dzenie wykonania kary warunkowo zawieszonej mo\u017ce nast\u0105pi\u0107 najp\u00f3\u017aniej 6 miesi\u0119cy od zako\u0144czenia okresu pr\u00f3by.<\/p>\n\n\n\n<p class=\"wp-block-paragraph\">Dzisiaj zamiast zarz\u0105dzenia wykonania warunkowo zawieszonej kary pozbawienia wolno\u015bci s\u0105d mo\u017ce zamieni\u0107 t\u0119 kar\u0119 na ograniczenie wolno\u015bci albo na grzywn\u0119. Nowelizacja usuwa tak\u0105 mo\u017cliwo\u015b\u0107.<\/p>\n\n\n\n<p class=\"wp-block-paragraph\">Aktualnie przed\u0142u\u017cenie karalno\u015bci przest\u0119pstwa nast\u0119puje z chwil\u0105 wszcz\u0119cia post\u0119powania w sprawie tego przest\u0119pstwa. Po nowelizacji do przed\u0142u\u017cenia karalno\u015bci dojdzie tak\u017ce wtedy, gdy post\u0119powania jeszcze nie wszcz\u0119to, ale w odr\u0119bnej sprawie \u201epowzi\u0119to uzasadnione podejrzenie pope\u0142nienia innego przest\u0119pstwa\u201d i \u201epodj\u0119to pierwsz\u0105 czynno\u015b\u0107 procesow\u0105 zmierzaj\u0105c\u0105 do ustalenia, czy zosta\u0142o ono pope\u0142nione\u201d&#8230;<\/p>\n\n\n\n<p class=\"wp-block-paragraph\">Zab\u00f3jstwo cz\u0142owieka w typie podstawowym b\u0119dzie zagro\u017cone kar\u0105 pozbawienia wolno\u015bci od lat 10 (obecnie \u2013 od lat 8). Karalne b\u0119dzie czynienie przygotowa\u0144 do zab\u00f3jstwa oraz przyj\u0119cie zlecenia zab\u00f3jstwa.<\/p>\n\n\n\n<h2 class=\"wp-block-heading\">Jakie zmiany w prawie Karnym?<\/h2>\n\n\n\n<p class=\"wp-block-paragraph\">Nowelizacja wprowadza <strong>nowe typy przest\u0119pstw<\/strong>. Zgodnie z art. 244c k.k. kto uchyla si\u0119 od wykonania orzeczonego przez s\u0105d na rzecz pokrzywdzonego lub osoby dla niego najbli\u017cszej, za przest\u0119pstwo \u015bcigane z oskar\u017cenia publicznego, \u015brodka kompensacyjnego w postaci obowi\u0105zku naprawienia szkody lub zado\u015b\u0107uczynienia za doznan\u0105 krzywd\u0119 albo nawi\u0105zki, b\u0119dzie podlega\u0142 karze pozbawienia wolno\u015bci od 3 miesi\u0119cy do lat 5. Nie podlega karze sprawca tego przest\u0119pstwa, kt\u00f3ry wykona\u0142 w ca\u0142o\u015bci orzeczony wobec niego \u015brodek kompensacyjny nie p\u00f3\u017aniej ni\u017c przed up\u0142ywem 30 dni od dnia pierwszego przes\u0142uchania w charakterze podejrzanego.<\/p>\n\n\n\n<h2 class=\"wp-block-heading\">Oszustwo &#8211; zmiany <\/h2>\n\n\n\n<p class=\"wp-block-paragraph\">Przest\u0119pstwem b\u0119dzie tak\u017ce doprowadzenie innej osoby do rozporz\u0105dzenia mieniem albo do zaprzestania lub ograniczenia dzia\u0142alno\u015bci gospodarczej, w celu osi\u0105gni\u0119cia korzy\u015bci maj\u0105tkowej, za pomoc\u0105 gro\u017aby rozg\u0142oszenia dotycz\u0105cej innej osoby lub osoby dla niej najbli\u017cszej wiadomo\u015bci uw\u0142aczaj\u0105cej czci lub istotnie naruszaj\u0105cej prywatno\u015b\u0107 lub zarzutu, kt\u00f3ry mo\u017ce poni\u017cy\u0107 w opinii publicznej lub narazi\u0107 na utrat\u0119 zaufania potrzebnego dla danego stanowiska, zawodu lub rodzaju dzia\u0142alno\u015bci.<\/p>\n\n\n\n<h3 class=\"wp-block-heading\">Zaostrzone zostan\u0105 kary za szereg czyn\u00f3w zabronionych.<\/h3>\n\n\n\n<p class=\"wp-block-paragraph\">Za przest\u0119pstwa pope\u0142nione w stosunku do mienia o warto\u015bci wi\u0119kszej ni\u017c pi\u0119ciokrotno\u015b\u0107 kwoty okre\u015blaj\u0105cej mienie wielkiej warto\u015bci (5 milion\u00f3w z\u0142otych) b\u0119dzie mo\u017cna orzec kar\u0119 pozbawienia wolno\u015bci od lat 3 do 20. Je\u017celi przedmiotem przest\u0119pstwa jest mienie o warto\u015bci wi\u0119kszej ni\u017c dziesi\u0119ciokrotno\u015b\u0107 kwoty okre\u015blaj\u0105cej mienie wielkiej warto\u015bci (10 milion\u00f3w z\u0142otych), sprawca b\u0119dzie podlega\u0107 karze pozbawienia wolno\u015bci od lat 5 do 25. Z uwagi na zaostrzenie przepis\u00f3w co raz wi\u0119cej Klient\u00f3w <strong>szuka dobrego adwokata od spraw karnych<\/strong> &#8211; w Internecie.<\/p>\n\n\n\n<p class=\"wp-block-paragraph\">Dzia\u0142anie na szkod\u0119 podmiotu gospodarczego, \u0142apownictwo menad\u017cerskie i pranie brudnych pieni\u0119dzy, w stosunku do mienia o warto\u015bci wi\u0119kszej ni\u017c pi\u0119ciokrotno\u015b\u0107 kwoty okre\u015blaj\u0105cej mienie wielkiej warto\u015bci (5 milion\u00f3w z\u0142otych) lub powoduj\u0105ce szkod\u0119 w rozmiarach odpowiadaj\u0105cych takiej warto\u015bci, b\u0119dzie zagro\u017cone kar\u0105 pozbawienia wolno\u015bci od lat 3 do 20. Je\u017celi warto\u015b\u0107 mienia lub szkoda przekrocz\u0105 10 milion\u00f3w z\u0142otych, zagro\u017cenie kar\u0105 wyniesie od lat 5 do 25.<\/p>\n\n\n\n<p class=\"wp-block-paragraph\">Ustawa nowelizuj\u0105ca wchodzi w \u017cycie po up\u0142ywie 3 miesi\u0119cy od dnia og\u0142oszenia, z wyj\u0105tkiem przepis\u00f3w dotycz\u0105cych przepadku pojazdu mechanicznego prowadzonego przez sprawc\u0119, kt\u00f3re wchodz\u0105 w \u017cycie po up\u0142ywie roku od dnia og\u0142oszenia.<\/p>\n\n\n\n<h2 class=\"wp-block-heading\">Adwokat od prawa Karnego w Toruniu?<\/h2>\n\n\n\n<p class=\"wp-block-paragraph\">W razie pyta\u0144 lub w\u0105tpliwo\u015bci zapraszam do kontaktu z moj\u0105 <a href=\"\/prawo-karne\">kancelari\u0105 specjalizuj\u0105c\u0105 si\u0119 w prawie Karnym w Toruniu<\/a>. Jestem <a href=\"https:\/\/warzycki.pl\/prawo-karne\">adwokatem z do\u015bwiadczeniem w prowadzeniu spraw karnych <\/a>&#8211; tak\u017ce na terenie ca\u0142ej Polski.<\/p>\n\n\n\n<p class=\"wp-block-paragraph\">Zapraszam do skorzystania z porady prawnej &#8211; odpowiem na wszystkie Twoje pytania.<\/p>\n","protected":false},"excerpt":{"rendered":"<p>Prezydent podpisa\u0142 kontrowersyjn\u0105 nowelizacj\u0119 prawa karnego. Oskar\u017ceni o przest\u0119pstwa musz\u0105 liczy\u0107 si\u0119 z surowsz\u0105 odpowiedzialno\u015bci\u0105. W tym wpisie przedstawiam najwa\u017cniejsze zmiany w kodeksie karnym. <\/p>\n","protected":false},"author":2,"featured_media":415,"comment_status":"closed","ping_status":"open","sticky":false,"template":"","format":"standard","meta":{"footnotes":""},"categories":[90,271],"tags":[266,248,265,270,251,91,267],"class_list":["post-403","post","type-post","status-publish","format-standard","has-post-thumbnail","category-prawo-karne","category-adwokat-torun","tag-adwokat-od-spraw-karnych-torun","tag-adwokat-torun","tag-kancelaria-adwokacka-torun","tag-nowelizacja-kodeksu-karnego","tag-prawnik-torun","tag-prawo-karne","tag-przepadek-samochodu"],"_links":{"self":[{"href":"https:\/\/warzycki.pl\/blog\/wp-json\/wp\/v2\/posts\/403","targetHints":{"allow":["GET"]}}],"collection":[{"href":"https:\/\/warzycki.pl\/blog\/wp-json\/wp\/v2\/posts"}],"about":[{"href":"https:\/\/warzycki.pl\/blog\/wp-json\/wp\/v2\/types\/post"}],"author":[{"embeddable":true,"href":"https:\/\/warzycki.pl\/blog\/wp-json\/wp\/v2\/users\/2"}],"replies":[{"embeddable":true,"href":"https:\/\/warzycki.pl\/blog\/wp-json\/wp\/v2\/comments?post=403"}],"version-history":[{"count":4,"href":"https:\/\/warzycki.pl\/blog\/wp-json\/wp\/v2\/posts\/403\/revisions"}],"predecessor-version":[{"id":417,"href":"https:\/\/warzycki.pl\/blog\/wp-json\/wp\/v2\/posts\/403\/revisions\/417"}],"wp:featuredmedia":[{"embeddable":true,"href":"https:\/\/warzycki.pl\/blog\/wp-json\/wp\/v2\/media\/415"}],"wp:attachment":[{"href":"https:\/\/warzycki.pl\/blog\/wp-json\/wp\/v2\/media?parent=403"}],"wp:term":[{"taxonomy":"category","embeddable":true,"href":"https:\/\/warzycki.pl\/blog\/wp-json\/wp\/v2\/categories?post=403"},{"taxonomy":"post_tag","embeddable":true,"href":"https:\/\/warzycki.pl\/blog\/wp-json\/wp\/v2\/tags?post=403"}],"curies":[{"name":"wp","href":"https:\/\/api.w.org\/{rel}","templated":true}]}}