{"id":433,"date":"2023-02-18T13:09:43","date_gmt":"2023-02-18T12:09:43","guid":{"rendered":"https:\/\/warzycki.pl\/blog\/?p=433"},"modified":"2023-03-14T14:16:55","modified_gmt":"2023-03-14T13:16:55","slug":"tydzien-pomocy-ofiarom-przestepstw","status":"publish","type":"post","link":"https:\/\/warzycki.pl\/blog\/2023\/02\/18\/tydzien-pomocy-ofiarom-przestepstw\/","title":{"rendered":"Tydzie\u0144 Pomocy Ofiarom Przest\u0119pstw"},"content":{"rendered":"\n<p class=\"wp-block-paragraph\"><strong>W dniach od 20 do 26 lutego 2023 r. obchodzony b\u0119dzie Tydzie\u0144 Pomocy Osobom Pokrzywdzonym Przest\u0119pstwem. W ramach akcji b\u0119d\u0119 udziela\u0142 zainteresowanym bezp\u0142atnych porad prawnych z zakresu prawa karnego i procedury karnej. Zapraszam do siedziby mojej <a href=\"https:\/\/warzycki.pl\/kontakt\" target=\"_blank\" rel=\"noreferrer noopener\">kancelarii adwokackiej w Toruniu<\/a> przy ul. Koniuchy 8 w poniedzia\u0142ek, \u015brod\u0119, czwartek i pi\u0105tek w godzinach 15:00-16:00 oraz we wtorek w godzinach 17:00-18:00.<\/strong><\/p>\n\n\n\n<p class=\"has-large-font-size wp-block-paragraph\"><strong>Jeste\u015b ofiar\u0105 przest\u0119pstwa? Masz wiele praw i mo\u017cliwo\u015bci:<\/strong><\/p>\n\n\n\n<ul class=\"wp-block-list\">\n<li>Mo\u017cesz z\u0142o\u017cy\u0107 ustne albo pisemne (polecam) zawiadomienie o podejrzeniu pope\u0142nienia przest\u0119pstwa do prokuratury. W Toruniu dzia\u0142aj\u0105 Prokuratura Okr\u0119gowa oraz Prokuratury Rejonowe Toru\u0144 Wsch\u00f3d i Toru\u0144 Centrum-Zach\u00f3d.<\/li>\n\n\n\n<li>W przypadku czyn\u00f3w \u015bciganych z oskar\u017cenia prywatnego mo\u017cesz od razu z\u0142o\u017cy\u0107 prywatny akt oskar\u017cenia do s\u0105du karnego. Mowa o znies\u0142awieniu, zniewa\u017ceniu, naruszeniu nietykalno\u015bci cielesnej czy spowodowaniu lekkiego uszczerbku na zdrowiu (\u201e&lt;7 dni\u201d).<\/li>\n\n\n\n<li>Na ka\u017cdym etapie sprawy mo\u017cesz mie\u0107 pe\u0142nomocnika w osobie <a href=\"https:\/\/warzycki.pl\/prawo-karne\" target=\"_blank\" rel=\"noreferrer noopener\">adwokata specjalizuj\u0105cego si\u0119 w prawie karnym<\/a>.<\/li>\n\n\n\n<li>Jeste\u015b stron\u0105 post\u0119powania przygotowawczego prowadzonego przez prokuratur\u0119 lub policj\u0119. Gdy sprawa trafi do s\u0105du z aktem oskar\u017cenia, mo\u017cesz sta\u0107 si\u0119 oskar\u017cycielem posi\u0142kowym.<\/li>\n\n\n\n<li>W pewnych sytuacjach mo\u017cesz \u201ezamiast\u201d prokuratora wnie\u015b\u0107 do s\u0105du tzw. subsydiarny akt oskar\u017cenia (nawet o przest\u0119pstwa \u015bcigane z urz\u0119du).<\/li>\n\n\n\n<li>Mo\u017cesz sk\u0142ada\u0107 wnioski dowodowe, bra\u0107 udzia\u0142 w czynno\u015bciach procesowych (np. przes\u0142uchaniach, ogl\u0119dzinach) oraz zapoznawa\u0107 si\u0119 z aktami sprawy i uzyskiwa\u0107 ich kopie (tak\u017ce elektroniczne).<\/li>\n\n\n\n<li>S\u0105d skazuj\u0105c oskar\u017conego za przest\u0119pstwo mo\u017ce orzec m.in. zakaz kontaktowania si\u0119 z pokrzywdzonych albo zbli\u017cania si\u0119 do niego, a tak\u017ce nakaz okresowego opuszczenia lokalu zajmowanego wsp\u00f3lnie z pokrzywdzonym czy podanie wyroku do publicznej wiadomo\u015bci.<\/li>\n\n\n\n<li>W toku post\u0119powania karnego (na czas procesu) wobec podejrzanego\/oskar\u017conego mo\u017cna zastosowa\u0107 \u015brodki zapobiegawcze, m.in. doz\u00f3r polegaj\u0105cy na zakazie zbli\u017cania si\u0119 lub kontaktowania z pokrzywdzonym.<\/li>\n\n\n\n<li>W razie skazania s\u0105d mo\u017ce orzec, a na wniosek pokrzywdzonego lub innej osoby uprawnionej orzeka, stosuj\u0105c przepisy prawa cywilnego, obowi\u0105zek naprawienia, w ca\u0142o\u015bci albo w cz\u0119\u015bci, wyrz\u0105dzonej przest\u0119pstwem szkody lub zado\u015b\u0107uczynienia za doznan\u0105 krzywd\u0119. Swoje nale\u017cno\u015bci pokrzywdzony mo\u017ce dochodzi\u0107 na drodze egzekucji komorniczej.<\/li>\n\n\n\n<li>Wcze\u015bniej prokurator lub s\u0105d mo\u017ce ustanowi\u0107 zabezpieczenie maj\u0105tkowe na mieniu podejrzanego\/oskar\u017conego, czyli zaj\u0105\u0107 przys\u0142uguj\u0105ce sprawcy sk\u0142adniki maj\u0105tkowe, aby zapewni\u0107 w przysz\u0142o\u015bci egzekucj\u0119 odszkodowania lub zado\u015b\u0107uczynienia na rzecz pokrzywdzonego.<\/li>\n\n\n\n<li>Ustalenia wydanego w post\u0119powaniu karnym prawomocnego wyroku skazuj\u0105cego co do pope\u0142nienia przest\u0119pstwa wi\u0105\u017c\u0105 s\u0105d w post\u0119powaniu cywilnym.<\/li>\n\n\n\n<li>Pokrzywdzony mo\u017ce wnosi\u0107 za\u017calenia na wiele decyzji prokuratora lub s\u0105du naruszaj\u0105ce jego prawa. W szczeg\u00f3lno\u015bci mo\u017ce zaskar\u017cy\u0107 odmow\u0119 wszcz\u0119cia dochodzenia\/\u015bledztwa albo postanowienie o umorzeniu post\u0119powania.<\/li>\n\n\n\n<li>Pokrzywdzony mo\u017ce sprzeciwi\u0107 si\u0119 dobrowolnemu poddaniu si\u0119 karze przez oskar\u017conego (zakwestionowa\u0107 warunki ugody sprawcy z prokuratorem).<\/li>\n\n\n\n<li>Pokrzywdzony, kt\u00f3ry zosta\u0142 oskar\u017cycielem posi\u0142kowym, mo\u017ce wnosi\u0107 o sporz\u0105dzenie uzasadnienia wyroku s\u0105du pierwszej instancji, a nast\u0119pnie z\u0142o\u017cy\u0107 apelacj\u0119 do s\u0105du drugiej instancji.<\/li>\n\n\n\n<li>W razie \u015bmierci pokrzywdzonego prawa, kt\u00f3re by mu przys\u0142ugiwa\u0142y, mog\u0105 wykonywa\u0107 osoby najbli\u017csze lub osoby pozostaj\u0105ce na jego utrzymaniu.<\/li>\n<\/ul>\n\n\n\n<p class=\"wp-block-paragraph\">W razie pyta\u0144 lub w\u0105tpliwo\u015bci zapraszam do kontaktu z moj\u0105 <a href=\"https:\/\/warzycki.pl\/kontakt\" target=\"_blank\" rel=\"noreferrer noopener\">kancelari\u0105 adwokack\u0105 w Toruniu<\/a>. Odpowiem na wszelkie pytani dot. <strong><a href=\"https:\/\/warzycki.pl\">darmowych porad prawnych<\/a><\/strong>.<br><br>Adwokat mo\u017ce udzieli\u0107 porady, sporz\u0105dzi\u0107 projekt pisma, towarzyszy\u0107 podczas przes\u0142uchania i reprezentowa\u0107 w post\u0119powaniu karnym przed s\u0105dem, prokuratorem i policj\u0105.<\/p>\n","protected":false},"excerpt":{"rendered":"<p>W dniach od 20 do 26 lutego 2023 r. obchodzony b\u0119dzie Tydzie\u0144 Pomocy Osobom Pokrzywdzonym Przest\u0119pstwem. W ramach akcji b\u0119d\u0119 udziela\u0142 zainteresowanym bezp\u0142atnych porad prawnych z zakresu prawa karnego i procedury karnej. Zapraszam do siedziby mojej kancelarii adwokackiej w Toruniu przy ul. Koniuchy 8 w poniedzia\u0142ek, \u015brod\u0119, czwartek i pi\u0105tek w godzinach 15:00-16:00 oraz we wtorek w godzinach 17:00-18:00.<\/p>\n","protected":false},"author":2,"featured_media":181,"comment_status":"open","ping_status":"open","sticky":false,"template":"","format":"standard","meta":{"footnotes":""},"categories":[90],"tags":[94,266,248,187,265,251,91,95],"class_list":["post-433","post","type-post","status-publish","format-standard","has-post-thumbnail","category-prawo-karne","tag-adwokat","tag-adwokat-od-spraw-karnych-torun","tag-adwokat-torun","tag-kancelaria-adwokacka","tag-kancelaria-adwokacka-torun","tag-prawnik-torun","tag-prawo-karne","tag-torun"],"_links":{"self":[{"href":"https:\/\/warzycki.pl\/blog\/wp-json\/wp\/v2\/posts\/433","targetHints":{"allow":["GET"]}}],"collection":[{"href":"https:\/\/warzycki.pl\/blog\/wp-json\/wp\/v2\/posts"}],"about":[{"href":"https:\/\/warzycki.pl\/blog\/wp-json\/wp\/v2\/types\/post"}],"author":[{"embeddable":true,"href":"https:\/\/warzycki.pl\/blog\/wp-json\/wp\/v2\/users\/2"}],"replies":[{"embeddable":true,"href":"https:\/\/warzycki.pl\/blog\/wp-json\/wp\/v2\/comments?post=433"}],"version-history":[{"count":4,"href":"https:\/\/warzycki.pl\/blog\/wp-json\/wp\/v2\/posts\/433\/revisions"}],"predecessor-version":[{"id":443,"href":"https:\/\/warzycki.pl\/blog\/wp-json\/wp\/v2\/posts\/433\/revisions\/443"}],"wp:featuredmedia":[{"embeddable":true,"href":"https:\/\/warzycki.pl\/blog\/wp-json\/wp\/v2\/media\/181"}],"wp:attachment":[{"href":"https:\/\/warzycki.pl\/blog\/wp-json\/wp\/v2\/media?parent=433"}],"wp:term":[{"taxonomy":"category","embeddable":true,"href":"https:\/\/warzycki.pl\/blog\/wp-json\/wp\/v2\/categories?post=433"},{"taxonomy":"post_tag","embeddable":true,"href":"https:\/\/warzycki.pl\/blog\/wp-json\/wp\/v2\/tags?post=433"}],"curies":[{"name":"wp","href":"https:\/\/api.w.org\/{rel}","templated":true}]}}