{"id":48,"date":"2021-04-30T11:36:22","date_gmt":"2021-04-30T09:36:22","guid":{"rendered":"http:\/\/warzycki.pl\/blog\/?p=48"},"modified":"2021-04-30T11:36:23","modified_gmt":"2021-04-30T09:36:23","slug":"tarcza-antykryzysowa-3-0","status":"publish","type":"post","link":"https:\/\/warzycki.pl\/blog\/2021\/04\/30\/tarcza-antykryzysowa-3-0\/","title":{"rendered":"Tarcza antykryzysowa 3.0"},"content":{"rendered":"\n<h3 class=\"wp-block-heading\">Tarcza os\u0142oni po\u017cyczkobiorc\u00f3w i d\u0142u\u017cnik\u00f3w<\/h3>\n\n\n\n<p class=\"wp-block-paragraph\">Do <strong>kodeksu cywilnego<\/strong> wprowadzono przepis <strong>art. 387[1]<\/strong>. Przew\u0142aszczenie nieruchomo\u015bci na zabezpieczenie b\u0119dzie mo\u017cliwe tylko z opini\u0105 rzeczoznawcy, przy oznaczonej warto\u015bci zabezpieczanych nale\u017cno\u015bci i ze swoistym zakazem &#8222;nadzabezpieczenia&#8221;:<\/p>\n\n\n\n<blockquote class=\"wp-block-quote is-layout-flow wp-block-quote-is-layout-flow\"><p>Niewa\u017cna jest umowa, w kt\u00f3rej osoba fizyczna zobowi\u0105zuje si\u0119 do przeniesienia w\u0142asno\u015bci nieruchomo\u015bci s\u0142u\u017c\u0105cej zaspokojeniu jej potrzeb mieszkaniowych w celu zabezpieczenia roszcze\u0144 wynikaj\u0105cych z tej lub innej umowy niezwi\u0105zanej bezpo\u015brednio z dzia\u0142alno\u015bci\u0105 gospodarcz\u0105 lub zawodow\u0105 tej osoby, w przypadku gdy: 1) warto\u015b\u0107 nieruchomo\u015bci jest wy\u017csza ni\u017c warto\u015b\u0107 zabezpieczanych t\u0105 nieruchomo\u015bci\u0105 roszcze\u0144 pieni\u0119\u017cnych powi\u0119kszonych o wysoko\u015b\u0107 odsetek maksymalnych za op\u00f3\u017anienie od tej warto\u015bci za okres 24 miesi\u0119cy lub 2) warto\u015b\u0107 zabezpieczanych t\u0105 nieruchomo\u015bci\u0105 roszcze\u0144 pieni\u0119\u017cnych nie jest oznaczona, lub 3) zawarcie tej umowy nie zosta\u0142o poprzedzone dokonaniem wyceny warto\u015bci rynkowej nieruchomo\u015bci przez bieg\u0142ego rzeczoznawc\u0119.<\/p><\/blockquote>\n\n\n\n<p class=\"wp-block-paragraph\">Nowy przepis <strong>art. 952[1] kodeksu post\u0119powania cywilnego<\/strong> przewiduje, \u017ce licytacja nieruchomo\u015bci s\u0142u\u017c\u0105cej zaspokojeniu potrzeb mieszkaniowych d\u0142u\u017cnika odbywa si\u0119 co do zasady na wniosek wierzyciela, je\u017celi &#8222;wysoko\u015b\u0107 egzekwowanej nale\u017cno\u015bci g\u0142\u00f3wnej stanowi co najmniej r\u00f3wnowarto\u015b\u0107 jednej dwudziestej cz\u0119\u015bci sumy oszacowania&#8221;. Licytacji nie przeprowadza si\u0119 w czasie obowi\u0105zywania stanu zagro\u017cenia epidemicznego lub stanu epidemii oraz 90 (!) dni po jego zako\u0144czeniu&#8230;<\/p>\n\n\n\n<p class=\"wp-block-paragraph\" id=\"viewer-94ce1\">Mamy nowe przest\u0119pstwa stypizowane w <strong>art. 304 \u00a7 2 i 3 kodeksu karnego<\/strong>.<\/p>\n\n\n\n<p class=\"wp-block-paragraph\" id=\"viewer-f766u\">Karze od 3 miesi\u0119cy do 5 lat pozbawienia wolno\u015bci podlega ten, kto w zamian za udzielone osobie fizycznej \u015bwiadczenie pieni\u0119\u017cne wynikaj\u0105ce z umowy po\u017cyczki, kredytu lub innej umowy, kt\u00f3rej przedmiotem jest udzielenie takiego \u015bwiadczenia z obowi\u0105zkiem jego zwrotu, niezwi\u0105zanej bezpo\u015brednio z dzia\u0142alno\u015bci\u0105 gospodarcz\u0105 lub zawodow\u0105 tej osoby, <strong>\u017c\u0105da od niej zap\u0142aty koszt\u00f3w innych ni\u017c odsetki w kwocie co najmniej dwukrotnie przekraczaj\u0105cej maksymaln\u0105 wysoko\u015b\u0107 tych koszt\u00f3w okre\u015blon\u0105 w ustawie<\/strong>. Tej samej karze podlega ten, kto w tych samych okoliczno\u015bciach <strong>\u017c\u0105da zap\u0142aty odsetek w wysoko\u015bci co najmniej dwukrotnie przekraczaj\u0105cej stop\u0119 odsetek maksymalnych lub odsetek maksymalnych za op\u00f3\u017anienie, okre\u015blonych w ustawie<\/strong>. Jak rozumie\u0107 znami\u0119 czasownikowe &#8222;\u017c\u0105da zap\u0142aty&#8221;? Czy dla bytu przest\u0119pstwa wystarcza wystosowanie przez wierzyciela wezwania do zap\u0142aty? Co z potr\u0105ceniem takiej wierzytelno\u015bci? Z pewno\u015bci\u0105 karalne nie b\u0119dzie samo zastrze\u017cenie w umowie zbyt wysokich koszt\u00f3w lub odsetek, skoro ustawodawca rozr\u00f3\u017cnia &#8222;na\u0142o\u017cenie na osob\u0119 obowi\u0105zku \u015bwiadczenia niewsp\u00f3\u0142miernego&#8221; (art. 304 \u00a7 1 k.k.) i &#8222;\u017c\u0105danie zap\u0142aty&#8221; (\u00a7 2 i 3).<\/p>\n\n\n\n<h3 class=\"wp-block-heading\">Do zobaczenia w s\u0105dzie (albo na ekranie)<\/h3>\n\n\n\n<p class=\"wp-block-paragraph\">Tarcza 3.0 poszerza <strong>katalog tzw. spraw pilnych<\/strong>, kt\u00f3re bez przeszk\u00f3d mog\u0105 si\u0119 toczy\u0107 w stanie epidemii. Sprawami pilnymi s\u0105 teraz m. in. sprawy, w kt\u00f3rych stosowane jest tymczasowe aresztowanie, a tak\u017ce sprawy o zarz\u0105dzenie wykonania (&#8222;odwieszenie&#8221;) kary warunkowo zawieszonej. Zmiany dobre, ale znacznie sp\u00f3\u017anione.<\/p>\n\n\n\n<p class=\"wp-block-paragraph\">W okresie obowi\u0105zywania stanu zagro\u017cenia epidemicznego albo stanu epidemii oraz w ci\u0105gu roku od odwo\u0142ania ostatniego z nich w post\u0119powaniach cywilnych <strong>rozpraw\u0119 lub posiedzenie jawne przeprowadza si\u0119 przy u\u017cyciu urz\u0105dze\u0144 technicznych umo\u017cliwiaj\u0105cych przeprowadzenie ich na odleg\u0142o\u015b\u0107 z jednoczesnym bezpo\u015brednim przekazem obrazu i d\u017awi\u0119ku, z tym \u017ce osoby w nich uczestnicz\u0105ce nie musz\u0105 przebywa\u0107 w budynku s\u0105du <\/strong>&#8211; chyba \u017ce przeprowadzenie rozprawy lub posiedzenia jawnego bez u\u017cycia powy\u017cszych urz\u0105dze\u0144 nie wywo\u0142a nadmiernego zagro\u017cenia dla zdrowia os\u00f3b w nim uczestnicz\u0105cych. Ostateczn\u0105 decyzj\u0119 o przeprowadzeniu e-rozprawy podejmie zawsze s\u0105d.<\/p>\n\n\n\n<p class=\"wp-block-paragraph\">Zamiast e-rozprawy s\u0105d cywilny b\u0119dzie m\u00f3g\u0142 zarz\u0105dzi\u0107 przeprowadzenie <strong>posiedzenia niejawnego<\/strong>, je\u017celi uzna rozpoznanie sprawy za konieczne, za\u015b przeprowadzenie wymaganych przez ustaw\u0119 rozprawy lub posiedzenia jawnego mog\u0142oby wywo\u0142a\u0107 nadmierne zagro\u017cenie dla zdrowia os\u00f3b w nich uczestnicz\u0105cych i nie mo\u017cna przeprowadzi\u0107 ich na odleg\u0142o\u015b\u0107 z jednoczesnym bezpo\u015brednim przekazem obrazu i d\u017awi\u0119ku. Ka\u017cda ze stron b\u0119dzie mog\u0142a sprzeciwi\u0107 si\u0119 przeprowadzeniu posiedzenia niejawnego w terminie 7 dni od dnia dor\u0119czenia zawiadomienia o skierowaniu sprawy na posiedzenie niejawne.<\/p>\n\n\n\n<p class=\"wp-block-paragraph\">Je\u017celi w sprawie cywilnej post\u0119powanie dowodowe zosta\u0142o przeprowadzone w ca\u0142o\u015bci, s\u0105d b\u0119dzie m\u00f3g\u0142 zamkn\u0105\u0107 rozpraw\u0119 i wyda\u0107 orzeczenie na posiedzeniu niejawnym po uprzednim odebraniu od stron lub uczestnik\u00f3w post\u0119powania stanowisk na pi\u015bmie. Orzeczenie w sprawie niewymagaj\u0105cej ju\u017c czynno\u015bci dowodowych (np. przes\u0142uchania \u015bwiadk\u00f3w) us\u0142yszymy szybciej.<\/p>\n\n\n\n<p class=\"wp-block-paragraph\">W przypadku<strong> apelacji w sprawach cywilnych wniesionych przed dniem 7 listopada 2019 r.<\/strong> (stosuje si\u0119 do nich star\u0105 procedur\u0119), s\u0105d drugiej instancji b\u0119dzie w\u0142adny skierowa\u0107 spraw\u0119 na posiedzenie niejawne, chyba \u017ce strona wniesie o przeprowadzenie rozprawy lub wnosi\u0142a o przeprowadzenie niepodlegaj\u0105cego pomini\u0119ciu dowodu z zezna\u0144 \u015bwiadk\u00f3w lub przes\u0142uchania stron.<\/p>\n\n\n\n<h3 class=\"wp-block-heading\">Ruszaj\u0105 terminy<\/h3>\n\n\n\n<p class=\"wp-block-paragraph\">Do tej pory mieli\u015bmy do czynienia z zawieszeniem biegu albo ze wstrzymaniem rozpocz\u0119cia biegu szeregu termin\u00f3w &#8222;przewidzianych przepisami prawa administracyjnego&#8221;, &#8222;procesowych&#8221; tudzie\u017c &#8222;s\u0105dowych&#8221; (cokolwiek to znaczy\u0142o). <strong>&#8222;Zamro\u017cone&#8221; terminy rozpoczynaj\u0105 bieg albo biegn\u0105 dalej po up\u0142ywie 7 dni od dnia wej\u015bcia w \u017cycie trzeciej &#8222;tarczy&#8221;. <\/strong>Ustawa wesz\u0142a w \u017cycie z dniem nast\u0119puj\u0105cym po dniu og\u0142oszenia, tj. 16 maja 2020 r.<\/p>\n\n\n\n<p class=\"wp-block-paragraph\">Wcze\u015bniej, bo z dniem wej\u015bcia ustawy w \u017cycie, rozpocz\u0105\u0142 si\u0119 bieg przedawnienia karalno\u015bci czynu oraz przedawnienia wykonania kary w sprawach o przest\u0119pstwa, przest\u0119pstwa i wykroczenia skarbowe oraz w sprawach o wykroczenia.<\/p>\n","protected":false},"excerpt":{"rendered":"<p>Dnia 15 maja 2020 r. og\u0142oszono ustaw\u0119 z dnia 14 maja 2020 r. o zmianie niekt\u00f3rych ustaw w zakresie dzia\u0142a\u0144 os\u0142onowych w zwi\u0105zku z rozprzestrzenianiem si\u0119 wirusa SARS-CoV-2. Mamy ju\u017c trzeci\u0105 &#8222;tarcz\u0119&#8221; i szereg nowych rozwi\u0105za\u0144, o kt\u00f3rych po prostu musisz wiedzie\u0107.<\/p>\n","protected":false},"author":1,"featured_media":49,"comment_status":"open","ping_status":"open","sticky":false,"template":"","format":"standard","meta":{"footnotes":""},"categories":[1],"tags":[],"class_list":["post-48","post","type-post","status-publish","format-standard","has-post-thumbnail","category-bez-kategorii"],"_links":{"self":[{"href":"https:\/\/warzycki.pl\/blog\/wp-json\/wp\/v2\/posts\/48","targetHints":{"allow":["GET"]}}],"collection":[{"href":"https:\/\/warzycki.pl\/blog\/wp-json\/wp\/v2\/posts"}],"about":[{"href":"https:\/\/warzycki.pl\/blog\/wp-json\/wp\/v2\/types\/post"}],"author":[{"embeddable":true,"href":"https:\/\/warzycki.pl\/blog\/wp-json\/wp\/v2\/users\/1"}],"replies":[{"embeddable":true,"href":"https:\/\/warzycki.pl\/blog\/wp-json\/wp\/v2\/comments?post=48"}],"version-history":[{"count":1,"href":"https:\/\/warzycki.pl\/blog\/wp-json\/wp\/v2\/posts\/48\/revisions"}],"predecessor-version":[{"id":50,"href":"https:\/\/warzycki.pl\/blog\/wp-json\/wp\/v2\/posts\/48\/revisions\/50"}],"wp:featuredmedia":[{"embeddable":true,"href":"https:\/\/warzycki.pl\/blog\/wp-json\/wp\/v2\/media\/49"}],"wp:attachment":[{"href":"https:\/\/warzycki.pl\/blog\/wp-json\/wp\/v2\/media?parent=48"}],"wp:term":[{"taxonomy":"category","embeddable":true,"href":"https:\/\/warzycki.pl\/blog\/wp-json\/wp\/v2\/categories?post=48"},{"taxonomy":"post_tag","embeddable":true,"href":"https:\/\/warzycki.pl\/blog\/wp-json\/wp\/v2\/tags?post=48"}],"curies":[{"name":"wp","href":"https:\/\/api.w.org\/{rel}","templated":true}]}}