{"id":58,"date":"2021-04-30T11:48:47","date_gmt":"2021-04-30T09:48:47","guid":{"rendered":"http:\/\/warzycki.pl\/blog\/?p=58"},"modified":"2021-04-30T11:48:48","modified_gmt":"2021-04-30T09:48:48","slug":"zakupy-na-fakture-przez-osoby-fizyczne-w-2021-r","status":"publish","type":"post","link":"https:\/\/warzycki.pl\/blog\/2021\/04\/30\/zakupy-na-fakture-przez-osoby-fizyczne-w-2021-r\/","title":{"rendered":"Zakupy &#8222;na faktur\u0119&#8221; przez osoby fizyczne w 2021 r."},"content":{"rendered":"\n<p class=\"wp-block-paragraph\"><strong>Koronawirus przesun\u0105\u0142 to w czasie, ale jednoosobowe firmy wreszcie dokonaj\u0105 niekt\u00f3rych zakup\u00f3w na korzystniejszych dla nich zasadach. Od 1 stycznia 2021 r. niekt\u00f3re przepisy dotycz\u0105ce konsument\u00f3w b\u0119d\u0105 stosowane do os\u00f3b fizycznych wpisanych do CEIDG, nawet gdy umowa b\u0119dzie bezpo\u015brednio dotyczy\u0107 ich dzia\u0142alno\u015bci gospodarczej. Pod warunkiem, \u017ce transakcja nie posiada dla nich charakteru zawodowego, a \u015bwiadczy\u0107 ma o tym w szczeg\u00f3lno\u015bci przedmiot dzia\u0142alno\u015bci ujawniony w ewidencji.<\/strong><\/p>\n\n\n\n<p class=\"wp-block-paragraph\" id=\"viewer-vphv\">Dobrze wida\u0107 to na przyk\u0142adach. Jednoosobowa firma z bran\u017cy budowlanej nie b\u0119dzie mog\u0142a liczy\u0107 na specjalne traktowanie, nabywaj\u0105c w hurtowni materia\u0142y budowlane. Ten sam przedsi\u0119biorca b\u0119dzie jednak chroniony pod niekt\u00f3rymi wzgl\u0119dami tak jak konsumenci, je\u017celi nab\u0119dzie w sklepie np. ekspres do kawy przeznaczony do firmowego biura.<\/p>\n\n\n\n<p class=\"wp-block-paragraph\" id=\"viewer-ffpom\">Zmiany dotycz\u0105 wy\u0142\u0105cznie os\u00f3b fizycznych, kt\u00f3re dzia\u0142alno\u015b\u0107 gospodarcz\u0105 prowadz\u0105 na podstawie wpisu do Centralnej Ewidencji i Informacji o Dzia\u0142alno\u015bci Gospodarczej (a tak\u017ce ich sp\u00f3\u0142ek cywilnych).<\/p>\n\n\n\n<p class=\"wp-block-paragraph\" id=\"viewer-6nqcs\">Do tej pory jednoosobowe firmy prosi\u0142y o faktur\u0119, aby jak najcz\u0119\u015bciej skorzysta\u0107 z odliczenia VATu i w\u0142\u0105czenia wydatku w poczet koszt\u00f3w uzyskania przychodu. Zawierana umowa by\u0142a traktowana jak ka\u017cda inna umowa pomi\u0119dzy przedsi\u0119biorcami (B2B), ze wszystkimi negatywnymi konsekwencjami dla kupuj\u0105cego.<\/p>\n\n\n\n<p class=\"wp-block-paragraph\" id=\"viewer-5ecbp\">Co si\u0119 zmieni w omawianym przypadku? Kupuj\u0105cy b\u0119dzie m\u00f3g\u0142 domaga\u0107 si\u0119 ustalenia, \u017ce nie wi\u0105\u017ce go klauzula abuzywna, czyli nieuzgodnione z nim indywidualnie postanowienie umowne, kszta\u0142tuj\u0105ce jego prawa w spos\u00f3b sprzeczny z dobrymi obyczajami, ra\u017c\u0105co naruszaj\u0105c jego interesy.<\/p>\n\n\n\n<p class=\"wp-block-paragraph\" id=\"viewer-e6lm\">Jednoosobowy przedsi\u0119biorca z\u0142o\u017cy reklamacj\u0119 tak jak konsument, czyli na przyjaznych jemu warunkach (je\u017celi zdecyduje si\u0119 dochodzi\u0107 uprawnie\u0144 z tzw. r\u0119kojmi za wady rzeczy). Nie utraci uprawnie\u0144, nawet gdy nie zbada rzeczy lub nie zg\u0142osi wady w odpowiednim czasie.<\/p>\n\n\n\n<p class=\"wp-block-paragraph\" id=\"viewer-9lhpl\">Prowadzisz dzia\u0142alno\u015b\u0107 w zakresie handlu? W relacjach z &#8222;nowymi&#8221; konsumentami nadal b\u0119dziesz m\u00f3g\u0142 ograniczy\u0107 lub ca\u0142kowicie wy\u0142\u0105czy\u0107 r\u0119kojmi\u0119. Razem mo\u017cemy uaktualni\u0107 Twoje regulaminy, og\u00f3lne warunki um\u00f3w i stosowane formularze.<\/p>\n","protected":false},"excerpt":{"rendered":"<p>Koronawirus przesun\u0105\u0142 to w czasie, ale jednoosobowe firmy wreszcie dokonaj\u0105 niekt\u00f3rych zakup\u00f3w na korzystniejszych dla nich zasadach. Od 1 stycznia 2021 r. niekt\u00f3re przepisy dotycz\u0105ce konsument\u00f3w b\u0119d\u0105 stosowane do os\u00f3b fizycznych wpisanych do CEIDG, nawet gdy umowa b\u0119dzie bezpo\u015brednio dotyczy\u0107 ich dzia\u0142alno\u015bci gospodarczej. Pod warunkiem, \u017ce transakcja nie posiada dla nich charakteru zawodowego, a \u015bwiadczy\u0107 ma o tym w szczeg\u00f3lno\u015bci przedmiot dzia\u0142alno\u015bci ujawniony w ewidencji.<\/p>\n","protected":false},"author":1,"featured_media":59,"comment_status":"open","ping_status":"open","sticky":false,"template":"","format":"standard","meta":{"footnotes":""},"categories":[1],"tags":[],"class_list":["post-58","post","type-post","status-publish","format-standard","has-post-thumbnail","category-bez-kategorii"],"_links":{"self":[{"href":"https:\/\/warzycki.pl\/blog\/wp-json\/wp\/v2\/posts\/58","targetHints":{"allow":["GET"]}}],"collection":[{"href":"https:\/\/warzycki.pl\/blog\/wp-json\/wp\/v2\/posts"}],"about":[{"href":"https:\/\/warzycki.pl\/blog\/wp-json\/wp\/v2\/types\/post"}],"author":[{"embeddable":true,"href":"https:\/\/warzycki.pl\/blog\/wp-json\/wp\/v2\/users\/1"}],"replies":[{"embeddable":true,"href":"https:\/\/warzycki.pl\/blog\/wp-json\/wp\/v2\/comments?post=58"}],"version-history":[{"count":1,"href":"https:\/\/warzycki.pl\/blog\/wp-json\/wp\/v2\/posts\/58\/revisions"}],"predecessor-version":[{"id":60,"href":"https:\/\/warzycki.pl\/blog\/wp-json\/wp\/v2\/posts\/58\/revisions\/60"}],"wp:featuredmedia":[{"embeddable":true,"href":"https:\/\/warzycki.pl\/blog\/wp-json\/wp\/v2\/media\/59"}],"wp:attachment":[{"href":"https:\/\/warzycki.pl\/blog\/wp-json\/wp\/v2\/media?parent=58"}],"wp:term":[{"taxonomy":"category","embeddable":true,"href":"https:\/\/warzycki.pl\/blog\/wp-json\/wp\/v2\/categories?post=58"},{"taxonomy":"post_tag","embeddable":true,"href":"https:\/\/warzycki.pl\/blog\/wp-json\/wp\/v2\/tags?post=58"}],"curies":[{"name":"wp","href":"https:\/\/api.w.org\/{rel}","templated":true}]}}